{"id":35,"date":"2026-04-12T18:01:00","date_gmt":"2026-04-12T18:01:00","guid":{"rendered":"https:\/\/acbigaylesbadalona.es\/?p=26"},"modified":"2026-04-12T18:01:00","modified_gmt":"2026-04-12T18:01:00","slug":"alberto","status":"publish","type":"post","link":"https:\/\/acbigaylesbadalona.es\/?p=35","title":{"rendered":"Alberto"},"content":{"rendered":"<p><img decoding=\"async\" src=\"https:\/\/base44.app\/api\/apps\/699ae047bb8e06543e0324cb\/files\/mp\/public\/699ae047bb8e06543e0324cb\/b90745864_WhatsAppImage2026-04-12at102037.jpeg\" alt=\"Alberto \" \/><\/p>\n<p>S\u00f3c Alberto, president d&#8217;AC Bigayles Badalona.<br \/>\nVaig n\u00e9ixer a Badalona i s\u00e9 qu\u00e8 \u00e9s cr\u00e9ixer sense suport, sentint-te nom\u00e9s per ser qui ets.<br \/>\nPer aix\u00f2 avui s\u00f3c aqu\u00ed: perqu\u00e8 altres persones tinguin aquest suport que em va faltar.<br \/>\nVull crear un espai proper, on puguis confiar, sentir-te a gust i compartir, tant en els moments dif\u00edcils com en els bons.<br \/>\nEm considero un noi de barri, proper, en qui pots confiar tant per parlar com per riure.<br \/>\nBadalona \u00e9s una gran ciutat, per\u00f2 encara t\u00e9 cam\u00ed per fer.<br \/>\nI vull formar part del canvi.<br \/>\nAqu\u00ed, ning\u00fa no est\u00e0 sol\u2764\ufe0f<\/p>\n","protected":false},"excerpt":{"rendered":"<p>S\u00f3c Alberto, president d&#8217;AC Bigayles Badalona. Vaig n\u00e9ixer a Badalona i s\u00e9 qu\u00e8 \u00e9s cr\u00e9ixer sense suport, sentint-te nom\u00e9s per ser qui ets. Per aix\u00f2 avui s\u00f3c aqu\u00ed: perqu\u00e8 altres persones tinguin aquest suport que em va faltar. Vull crear un espai proper, on puguis confiar, sentir-te a gust i compartir, tant en els moments [&hellip;]<\/p>\n","protected":false},"author":3,"featured_media":100025,"comment_status":"open","ping_status":"open","sticky":false,"template":"","format":"standard","meta":{"footnotes":""},"categories":[7],"tags":[],"class_list":["post-35","post","type-post","status-publish","format-standard","has-post-thumbnail","hentry","category-equip"],"_links":{"self":[{"href":"https:\/\/acbigaylesbadalona.es\/index.php?rest_route=\/wp\/v2\/posts\/35","targetHints":{"allow":["GET"]}}],"collection":[{"href":"https:\/\/acbigaylesbadalona.es\/index.php?rest_route=\/wp\/v2\/posts"}],"about":[{"href":"https:\/\/acbigaylesbadalona.es\/index.php?rest_route=\/wp\/v2\/types\/post"}],"author":[{"embeddable":true,"href":"https:\/\/acbigaylesbadalona.es\/index.php?rest_route=\/wp\/v2\/users\/3"}],"replies":[{"embeddable":true,"href":"https:\/\/acbigaylesbadalona.es\/index.php?rest_route=%2Fwp%2Fv2%2Fcomments&post=35"}],"version-history":[{"count":0,"href":"https:\/\/acbigaylesbadalona.es\/index.php?rest_route=\/wp\/v2\/posts\/35\/revisions"}],"wp:attachment":[{"href":"https:\/\/acbigaylesbadalona.es\/index.php?rest_route=%2Fwp%2Fv2%2Fmedia&parent=35"}],"wp:term":[{"taxonomy":"category","embeddable":true,"href":"https:\/\/acbigaylesbadalona.es\/index.php?rest_route=%2Fwp%2Fv2%2Fcategories&post=35"},{"taxonomy":"post_tag","embeddable":true,"href":"https:\/\/acbigaylesbadalona.es\/index.php?rest_route=%2Fwp%2Fv2%2Ftags&post=35"}],"curies":[{"name":"wp","href":"https:\/\/api.w.org\/{rel}","templated":true}]}}