{"id":29,"date":"2026-06-28T00:00:00","date_gmt":"2026-06-28T00:00:00","guid":{"rendered":"https:\/\/acbigaylesbadalona.es\/?p=20"},"modified":"2026-06-28T00:00:00","modified_gmt":"2026-06-28T00:00:00","slug":"orgull-badalona-2026","status":"publish","type":"post","link":"https:\/\/acbigaylesbadalona.es\/?p=29","title":{"rendered":"Orgull Badalona 2026"},"content":{"rendered":"<p><img decoding=\"async\" src=\"https:\/\/base44.app\/api\/apps\/699ae047bb8e06543e0324cb\/files\/mp\/public\/699ae047bb8e06543e0324cb\/565b4f168_1.jpeg\" \/><\/p>\n<p><img decoding=\"async\" src=\"https:\/\/base44.app\/api\/apps\/699ae047bb8e06543e0324cb\/files\/mp\/public\/699ae047bb8e06543e0324cb\/565b4f168_1.jpeg\" \/><\/p>\n<p><img decoding=\"async\" src=\"https:\/\/base44.app\/api\/apps\/699ae047bb8e06543e0324cb\/files\/mp\/public\/699ae047bb8e06543e0324cb\/27b2874cb_2.jpeg\" \/><\/p>\n<p><img decoding=\"async\" src=\"https:\/\/base44.app\/api\/apps\/699ae047bb8e06543e0324cb\/files\/mp\/public\/699ae047bb8e06543e0324cb\/6d0bbf0a6_1.mp4\" \/><\/p>\n<p><img decoding=\"async\" src=\"https:\/\/base44.app\/api\/apps\/699ae047bb8e06543e0324cb\/files\/mp\/public\/699ae047bb8e06543e0324cb\/41c63f721_3.jpeg\" \/><\/p>\n<p><img decoding=\"async\" src=\"https:\/\/base44.app\/api\/apps\/699ae047bb8e06543e0324cb\/files\/mp\/public\/699ae047bb8e06543e0324cb\/5e021fabc_66d774ab-7772-4402-b92a-841fac72c890-vo-dec-carles-venegas_360p.mp4\" \/><\/p>\n<p>per Anna Garc\u00eda de Alb\u00e9niz<\/p>\n<p>| Compartir<\/p>\n<p>Badalona ha commemorat aquest diumenge el Dia Internacional de l\u2019Orgull LGTBIQ+ amb una jornada festiva i reivindicativa a c\u00e0rrec de l\u2019associaci\u00f3 BiGayLes Badalona. La programaci\u00f3 ha incl\u00f2s la lectura del manifest, una rua pels carrers de la ciutat i una festa amb m\u00fasica i actuacions de drag queens al restaurant Brisa sin Prisa. La celebraci\u00f3 continuar\u00e0 dem\u00e0, dilluns, amb un estand informatiu i l&#8217;acte institucional a la pla\u00e7a de la Vila.<\/p>\n<p>WhatsApp Image 2026-06-28 at 11.09.46.jpeg<\/p>\n<p>La pla\u00e7a de la vila s\u2019ha vestit de color, disbauxa i reivindicaci\u00f3 durant la lectura del manifest. L\u2019escrit ha reclamat la necessitat de continuar defensant els drets del col\u00b7lectiu LGTBIQ+, combatre qualsevol forma de discriminaci\u00f3 i avan\u00e7ar cap a una societat m\u00e9s diversa, igualit\u00e0ria i inclusiva.<\/p>\n<p>A continuaci\u00f3, els participants han recorregut els carrers de Badalona en una manifestaci\u00f3 fins al restaurant Brisa sin prisa, situat a la Pla\u00e7a Pat\u00ed de Vela. L\u2019establiment ha acollit una sessi\u00f3 musical amb el DJ Xavi Villaena i actuacions de les Drag Queens Aleixa, Ilona Queen i Hary Vicious. <\/p>\n<p>WhatsApp Image 2026-06-28 at 11.23.50.jpeg<\/p>\n<p>L\u2019acte ha estat impulsat per Bigayles Badalona. Es tracta d\u2019una entitat creada el 2009 a l\u2019Hospitalet i que, enguany, ha obert una delegaci\u00f3 a la ciutat amb la voluntat de construir una comunitat m\u00e9s lliura, diversa i segura per a totes les persones. Aquests representen els primers passos de l\u2019associaci\u00f3, que espera cr\u00e9ixer de mica en mica per convertir-se en un punt de refer\u00e8ncia per al col\u00b7lectiu. <\/p>\n<p>Recordem que el Dia Internacional de l\u2019Orgull LGTBIQ+ se celebra cada 28 de juny en commemoraci\u00f3 dels aldarulls de Stonewall, una s\u00e8rie de protestes espont\u00e0nies que van esclatar la matinada del 28 de juny de 1969 despr\u00e9s d\u2019una batuda policial al bar gai Stonewall Inn de Nova York. Aquells fets s\u00f3n considerats el punt de partida del moviment modern en defensa dels drets de les persones LGTBIQ+.<\/p>\n<p>La commemoraci\u00f3 a Badalona es completar\u00e0 dem\u00e0 amb els actes institucionals organitzats per l\u2019Ajuntament sota el lema \u201cEstima all\u00f2 que ets\u201d. Durant tota la jornada, la pla\u00e7a de la Vila acollir\u00e0 un estand informatiu i, a la tarda, s\u2019hi celebrar\u00e0 l\u2019acte institucional amb la lectura del manifest. Tamb\u00e9 es deixar\u00e0 hissada la bandera de l\u2019Arc de Sant Mart\u00ed i la pancarta commemorativa a la fa\u00e7ana de la Casa de la Vila. <\/p>\n","protected":false},"excerpt":{"rendered":"<p>per Anna Garc\u00eda de Alb\u00e9niz | Compartir Badalona ha commemorat aquest diumenge el Dia Internacional de l\u2019Orgull LGTBIQ+ amb una jornada festiva i reivindicativa a c\u00e0rrec de l\u2019associaci\u00f3 BiGayLes Badalona. La programaci\u00f3 ha incl\u00f2s la lectura del manifest, una rua pels carrers de la ciutat i una festa amb m\u00fasica i actuacions de drag queens [&hellip;]<\/p>\n","protected":false},"author":3,"featured_media":100019,"comment_status":"open","ping_status":"open","sticky":false,"template":"","format":"standard","meta":{"footnotes":""},"categories":[6],"tags":[],"class_list":["post-29","post","type-post","status-publish","format-standard","has-post-thumbnail","hentry","category-activitats"],"_links":{"self":[{"href":"https:\/\/acbigaylesbadalona.es\/index.php?rest_route=\/wp\/v2\/posts\/29","targetHints":{"allow":["GET"]}}],"collection":[{"href":"https:\/\/acbigaylesbadalona.es\/index.php?rest_route=\/wp\/v2\/posts"}],"about":[{"href":"https:\/\/acbigaylesbadalona.es\/index.php?rest_route=\/wp\/v2\/types\/post"}],"author":[{"embeddable":true,"href":"https:\/\/acbigaylesbadalona.es\/index.php?rest_route=\/wp\/v2\/users\/3"}],"replies":[{"embeddable":true,"href":"https:\/\/acbigaylesbadalona.es\/index.php?rest_route=%2Fwp%2Fv2%2Fcomments&post=29"}],"version-history":[{"count":0,"href":"https:\/\/acbigaylesbadalona.es\/index.php?rest_route=\/wp\/v2\/posts\/29\/revisions"}],"wp:attachment":[{"href":"https:\/\/acbigaylesbadalona.es\/index.php?rest_route=%2Fwp%2Fv2%2Fmedia&parent=29"}],"wp:term":[{"taxonomy":"category","embeddable":true,"href":"https:\/\/acbigaylesbadalona.es\/index.php?rest_route=%2Fwp%2Fv2%2Fcategories&post=29"},{"taxonomy":"post_tag","embeddable":true,"href":"https:\/\/acbigaylesbadalona.es\/index.php?rest_route=%2Fwp%2Fv2%2Ftags&post=29"}],"curies":[{"name":"wp","href":"https:\/\/api.w.org\/{rel}","templated":true}]}}