{"id":23,"date":"2026-05-23T09:15:34","date_gmt":"2026-05-23T09:15:34","guid":{"rendered":"https:\/\/acbigaylesbadalona.es\/?p=14"},"modified":"2026-05-23T09:15:34","modified_gmt":"2026-05-23T09:15:34","slug":"espanya-lidera-europa-en-drets-lgtbiq-segons-el-rainbow-map-2026","status":"publish","type":"post","link":"https:\/\/acbigaylesbadalona.es\/?p=23","title":{"rendered":"Espanya Lidera Europa en Drets LGTBIQ+ Segons el Rainbow Map 2026"},"content":{"rendered":"<p><img decoding=\"async\" src=\"https:\/\/base44.app\/api\/apps\/699ae047bb8e06543e0324cb\/files\/mp\/public\/699ae047bb8e06543e0324cb\/cea9041d8_ChatGPTImage23may202613_11_43.png\" alt=\"Espanya Lidera Europa en Drets LGTBIQ+ Segons el Rainbow Map 2026\" \/><\/p>\n<p>\u2013 Espanya ha assolit el primer lloc al recent informe Rainbow Map 2026 d&#8217;ILGA-Europe, consolidant-se com el pa\u00eds m\u00e9s avan\u00e7at d&#8217;Europa en drets per a les persones LGTBIQ+. Aquesta fita marca una fita significativa, superant Malta, que havia mantingut el lideratge durant l&#8217;\u00faltima d\u00e8cada.<\/p>\n<p>L&#8217;ascens d&#8217;Espanya al cim d&#8217;aquest r\u00e0nquing prestigi\u00f3s no \u00e9s un fet a\u00efllat, sin\u00f3 el resultat d&#8217;un comprom\u00eds sostingut amb la igualtat i la no-discriminaci\u00f3. Representa la culminaci\u00f3 d&#8217;anys d&#8217;esfor\u00e7 per part de la societat civil, les institucions i els activistes que han treballat incansablement per promoure un marc legal i social inclusiu.<\/p>\n<p>Aquest reconeixement subratlla la import\u00e0ncia de les pol\u00edtiques i lleis implementades al pa\u00eds, que han estat fonamentals per garantir la protecci\u00f3 i l&#8217;aven\u00e7 dels drets LGTBIQ+. La posici\u00f3 d&#8217;Espanya com a referent europeu envia un missatge d&#8217;esperan\u00e7a i progr\u00e9s a nivell internacional, especialment en un context on altres pa\u00efsos de la regi\u00f3, com Hongria, It\u00e0lia o el Regne Unit, experimenten reculades en aquesta mat\u00e8ria.<\/p>\n<p>Experts assenyalen que aquest \u00e8xit reflecteix una societat que prioritza l&#8217;empatia i la conviv\u00e8ncia, demostrant que l&#8217;aven\u00e7 en drets per a les minories enforteix la democr\u00e0cia i beneficia tota la ciutadania. La diversitat \u00e9s vista com un valor que enriqueix i engrandeix la naci\u00f3.<\/p>\n<p>Tot i aix\u00f2, malgrat aquest lideratge en l&#8217;\u00e0mbit legal i de reconeixement internacional, persisteixen desafiaments importants. La igualtat legal s&#8217;ha de traduir en una igualtat real i efectiva a tots els \u00e0mbits de la vida quotidiana. Encara hi ha situacions de discriminaci\u00f3, assetjament i agressions que afecten les persones LGTBIQ+ en espais com a instituts, llocs de treball ia la via p\u00fablica.<\/p>\n<p>Per aix\u00f2, es fa una crida a mantenir la vigil\u00e0ncia ia continuar treballant en la defensa dels drets conquerits, que no s&#8217;han de donar per fets. La consolidaci\u00f3 d&#8217;un Pacte d&#8217;Estat contra els discursos d&#8217;odi es presenta com a necessitat urgent per eradicar qualsevol forma de discriminaci\u00f3 i garantir que la llibertat i la igualtat se sentin a cada rac\u00f3 del pa\u00eds. L&#8217;objectiu final \u00e9s que Espanya no nom\u00e9s sigui l\u00edder als r\u00e0nquings, sin\u00f3 el millor lloc perqu\u00e8 cada persona pugui ser qui \u00e9s, sense por.<\/p>\n","protected":false},"excerpt":{"rendered":"<p>Espanya la millor valorada d&#8217;europa posa ser el pais mes avan\u00e7at en drets lgtbiqa+<\/p>\n","protected":false},"author":3,"featured_media":100013,"comment_status":"open","ping_status":"open","sticky":false,"template":"","format":"standard","meta":{"footnotes":""},"categories":[3],"tags":[],"class_list":["post-23","post","type-post","status-publish","format-standard","has-post-thumbnail","hentry","category-noticies"],"_links":{"self":[{"href":"https:\/\/acbigaylesbadalona.es\/index.php?rest_route=\/wp\/v2\/posts\/23","targetHints":{"allow":["GET"]}}],"collection":[{"href":"https:\/\/acbigaylesbadalona.es\/index.php?rest_route=\/wp\/v2\/posts"}],"about":[{"href":"https:\/\/acbigaylesbadalona.es\/index.php?rest_route=\/wp\/v2\/types\/post"}],"author":[{"embeddable":true,"href":"https:\/\/acbigaylesbadalona.es\/index.php?rest_route=\/wp\/v2\/users\/3"}],"replies":[{"embeddable":true,"href":"https:\/\/acbigaylesbadalona.es\/index.php?rest_route=%2Fwp%2Fv2%2Fcomments&post=23"}],"version-history":[{"count":0,"href":"https:\/\/acbigaylesbadalona.es\/index.php?rest_route=\/wp\/v2\/posts\/23\/revisions"}],"wp:attachment":[{"href":"https:\/\/acbigaylesbadalona.es\/index.php?rest_route=%2Fwp%2Fv2%2Fmedia&parent=23"}],"wp:term":[{"taxonomy":"category","embeddable":true,"href":"https:\/\/acbigaylesbadalona.es\/index.php?rest_route=%2Fwp%2Fv2%2Fcategories&post=23"},{"taxonomy":"post_tag","embeddable":true,"href":"https:\/\/acbigaylesbadalona.es\/index.php?rest_route=%2Fwp%2Fv2%2Ftags&post=23"}],"curies":[{"name":"wp","href":"https:\/\/api.w.org\/{rel}","templated":true}]}}