{"id":22,"date":"2026-03-17T16:44:12","date_gmt":"2026-03-17T16:44:12","guid":{"rendered":"https:\/\/acbigaylesbadalona.es\/?p=13"},"modified":"2026-03-17T16:44:12","modified_gmt":"2026-03-17T16:44:12","slug":"jake-adcioff","status":"publish","type":"post","link":"https:\/\/acbigaylesbadalona.es\/?p=22","title":{"rendered":"Jake Adcioff"},"content":{"rendered":"<p><img decoding=\"async\" src=\"https:\/\/base44.app\/api\/apps\/699ae047bb8e06543e0324cb\/files\/mp\/public\/699ae047bb8e06543e0324cb\/156ca661f_WhatsAppImage2026-03-17at155545.jpeg\" alt=\"Jake Adcioff\" \/><\/p>\n<p>Or per Jake Adicoff. Primer nord-americ\u00e0 obertament gai a guanyar paralimpic hivernal.<\/p>\n<p>L&#8217;esquiador de fons es va col\u00b7locar la pressa daurada despr\u00e9s de dominar amb un gran avantatge en les compet\u00e8ncies de #Mil\u00e1nCortina 2026. <\/p>\n<p>Jake \u00e9s originari de #Calif\u00f2rnia i t\u00e9 discapacitat visual, una caracter\u00edstica que no ha estat fre perqu\u00e8 comenc\u00e9s a esquiar des dels 7 anys i destacar m\u00e9s tard com un dels millors de l&#8217;equip nacional amb plata a PyeongChang 2018 i or a Beijing 2022.<\/p>\n<p>\u00abAnem als Paral\u00edmpics sent un atleta #gay, mostrant que \u00e9s possible arribar a l&#8217;elit de l&#8217;esport com a atleta obertament gai i per a atleta\u00bb va destacar l&#8217;esportista, que busca ser inspiraci\u00f3 i orgull per a les joventuts #LGBT i transmetre&#8217;ls el missatge que no es rendeixin en la lluita per assolir els seus somnis.<\/p>\n","protected":false},"excerpt":{"rendered":"<p>Primera medalla d&#8217;or per a un participant paralimpic obertament gay<\/p>\n","protected":false},"author":3,"featured_media":100012,"comment_status":"open","ping_status":"open","sticky":false,"template":"","format":"standard","meta":{"footnotes":""},"categories":[3],"tags":[],"class_list":["post-22","post","type-post","status-publish","format-standard","has-post-thumbnail","hentry","category-noticies"],"_links":{"self":[{"href":"https:\/\/acbigaylesbadalona.es\/index.php?rest_route=\/wp\/v2\/posts\/22","targetHints":{"allow":["GET"]}}],"collection":[{"href":"https:\/\/acbigaylesbadalona.es\/index.php?rest_route=\/wp\/v2\/posts"}],"about":[{"href":"https:\/\/acbigaylesbadalona.es\/index.php?rest_route=\/wp\/v2\/types\/post"}],"author":[{"embeddable":true,"href":"https:\/\/acbigaylesbadalona.es\/index.php?rest_route=\/wp\/v2\/users\/3"}],"replies":[{"embeddable":true,"href":"https:\/\/acbigaylesbadalona.es\/index.php?rest_route=%2Fwp%2Fv2%2Fcomments&post=22"}],"version-history":[{"count":0,"href":"https:\/\/acbigaylesbadalona.es\/index.php?rest_route=\/wp\/v2\/posts\/22\/revisions"}],"wp:attachment":[{"href":"https:\/\/acbigaylesbadalona.es\/index.php?rest_route=%2Fwp%2Fv2%2Fmedia&parent=22"}],"wp:term":[{"taxonomy":"category","embeddable":true,"href":"https:\/\/acbigaylesbadalona.es\/index.php?rest_route=%2Fwp%2Fv2%2Fcategories&post=22"},{"taxonomy":"post_tag","embeddable":true,"href":"https:\/\/acbigaylesbadalona.es\/index.php?rest_route=%2Fwp%2Fv2%2Ftags&post=22"}],"curies":[{"name":"wp","href":"https:\/\/api.w.org\/{rel}","templated":true}]}}