{"id":21,"date":"2026-03-17T16:46:56","date_gmt":"2026-03-17T16:46:56","guid":{"rendered":"https:\/\/acbigaylesbadalona.es\/?p=12"},"modified":"2026-03-17T16:46:56","modified_gmt":"2026-03-17T16:46:56","slug":"zohran-mamdani","status":"publish","type":"post","link":"https:\/\/acbigaylesbadalona.es\/?p=21","title":{"rendered":"Zohran Mamdani"},"content":{"rendered":"<p><img decoding=\"async\" src=\"https:\/\/base44.app\/api\/apps\/699ae047bb8e06543e0324cb\/files\/mp\/public\/699ae047bb8e06543e0324cb\/75e336f87_WhatsAppImage2026-03-15at210959.jpeg\" alt=\"Zohran Mamdani\" \/><\/p>\n<p>L\u00b4alcalde de Zohran Mamdani va anunciar la creaci\u00f3 de l\u00b4Oficina d\u00b4Afers LGBTQIA+ mitjan\u00e7ant una ordre executiva, una iniciativa que busca enfortir l\u00b4acc\u00e9s d\u00b4aquesta comunitat a serveis socials i programes de suport a la ciutat.<\/p>\n<p>Durant l&#8217;anunci tamb\u00e9 es va informar el nomenament de Taylor Brown com a directora de la nova oficina, convertint-se en la primera dona trans en liderar una ag\u00e8ncia municipal a la hist\u00f2ria de New York City. L&#8217;alcalde va destacar que aquesta mesura respon a anys d&#8217;activisme de l\u00edders comunitaris que reclamaven m\u00e9s inclusi\u00f3 i protecci\u00f3 per als novaiorquesos LGBTQIA+.<br \/>\n #NovaYork #LGBTQIA #ComunitatLGBT #DretsHumans #Inclusi\u00f3 #Diversitat #Igualtat #Activisme #TaylorBrown #ZohranMamdani #OrgulloLGBT #Pol\u00edticaInternacional #Not\u00edciesInternacionals #Societat #ActualitatMundial \ud83c\udf0e<\/p>\n","protected":false},"excerpt":{"rendered":"<p>Lacalde de NY crea l&#8217;oficina d&#8217;assumptes LGTBIQA+ i nomena Taylor Brown com a directora.<\/p>\n","protected":false},"author":3,"featured_media":100011,"comment_status":"open","ping_status":"open","sticky":false,"template":"","format":"standard","meta":{"footnotes":""},"categories":[3],"tags":[],"class_list":["post-21","post","type-post","status-publish","format-standard","has-post-thumbnail","hentry","category-noticies"],"_links":{"self":[{"href":"https:\/\/acbigaylesbadalona.es\/index.php?rest_route=\/wp\/v2\/posts\/21","targetHints":{"allow":["GET"]}}],"collection":[{"href":"https:\/\/acbigaylesbadalona.es\/index.php?rest_route=\/wp\/v2\/posts"}],"about":[{"href":"https:\/\/acbigaylesbadalona.es\/index.php?rest_route=\/wp\/v2\/types\/post"}],"author":[{"embeddable":true,"href":"https:\/\/acbigaylesbadalona.es\/index.php?rest_route=\/wp\/v2\/users\/3"}],"replies":[{"embeddable":true,"href":"https:\/\/acbigaylesbadalona.es\/index.php?rest_route=%2Fwp%2Fv2%2Fcomments&post=21"}],"version-history":[{"count":0,"href":"https:\/\/acbigaylesbadalona.es\/index.php?rest_route=\/wp\/v2\/posts\/21\/revisions"}],"wp:attachment":[{"href":"https:\/\/acbigaylesbadalona.es\/index.php?rest_route=%2Fwp%2Fv2%2Fmedia&parent=21"}],"wp:term":[{"taxonomy":"category","embeddable":true,"href":"https:\/\/acbigaylesbadalona.es\/index.php?rest_route=%2Fwp%2Fv2%2Fcategories&post=21"},{"taxonomy":"post_tag","embeddable":true,"href":"https:\/\/acbigaylesbadalona.es\/index.php?rest_route=%2Fwp%2Fv2%2Ftags&post=21"}],"curies":[{"name":"wp","href":"https:\/\/api.w.org\/{rel}","templated":true}]}}