{"id":17,"date":"2026-06-15T19:09:31","date_gmt":"2026-06-15T19:09:31","guid":{"rendered":"https:\/\/acbigaylesbadalona.es\/?p=8"},"modified":"2026-06-15T19:09:31","modified_gmt":"2026-06-15T19:09:31","slug":"legislaci-lgtbiqa-autonomica","status":"publish","type":"post","link":"https:\/\/acbigaylesbadalona.es\/?p=17","title":{"rendered":"Legislaci\u00f2 LGTBIQA+ autonomica"},"content":{"rendered":"<p><img decoding=\"async\" src=\"https:\/\/base44.app\/api\/apps\/699ae047bb8e06543e0324cb\/files\/mp\/public\/699ae047bb8e06543e0324cb\/0506c7762_b.png\" alt=\"Legislaci\u00f2 LGTBIQA+ autonomica\" \/><\/p>\n<h1>Legislaci\u00f3 LGTBI auton\u00f2mica a Espanya: un mapa de drets que continua avan\u00e7ant<\/h1>\n<p><\/p>\n<p>El mapa reflecteix una realitat interessant: encara que existeix una llei estatal comuna, cada comunitat aut\u00f2noma ha desenvolupat les seves pr\u00f2pies normes, amb diferents nivells de protecci\u00f3 i mesures espec\u00edfiques.<\/p>\n<h2><\/h2>\n<p>Des de principis dels anys 2000, moltes comunitats aut\u00f2nomes van comen\u00e7ar a aprovar lleis pr\u00f2pies destinades a combatre la discriminaci\u00f3 i a promoure la igualtat real de les persones LGTBI.<\/p>\n<p>Algunes van ser pioneres en regular:<\/p>\n<ul>\n<li>Els drets de les persones trans.<\/li>\n<li>La protecci\u00f3 davant la LGTBI-f\u00f2bia.<\/li>\n<li>Els protocols d&#8217;atenci\u00f3 sanit\u00e0ria.<\/li>\n<li>Les mesures educatives contra l&#8217;assetjament.<\/li>\n<li>Els r\u00e8gims sancionadors per actes discriminatoris.<\/li>\n<\/ul>\n<p>Aquest desenvolupament desigual ha fet que algunes comunitats hagin estat referents, mentre que d&#8217;altres han incorporat aquestes garanties m\u00e9s recentment.<\/p>\n<p class=\"ql-align-justify\"><\/p>\n","protected":false},"excerpt":{"rendered":"<p>Com esta la legislaci\u00f2 LGBTIQA+ a les comunitats autonomas<\/p>\n","protected":false},"author":3,"featured_media":100007,"comment_status":"open","ping_status":"open","sticky":false,"template":"","format":"standard","meta":{"footnotes":""},"categories":[4],"tags":[23],"class_list":["post-17","post","type-post","status-publish","format-standard","has-post-thumbnail","hentry","category-drets","tag-lgtbiqa"],"_links":{"self":[{"href":"https:\/\/acbigaylesbadalona.es\/index.php?rest_route=\/wp\/v2\/posts\/17","targetHints":{"allow":["GET"]}}],"collection":[{"href":"https:\/\/acbigaylesbadalona.es\/index.php?rest_route=\/wp\/v2\/posts"}],"about":[{"href":"https:\/\/acbigaylesbadalona.es\/index.php?rest_route=\/wp\/v2\/types\/post"}],"author":[{"embeddable":true,"href":"https:\/\/acbigaylesbadalona.es\/index.php?rest_route=\/wp\/v2\/users\/3"}],"replies":[{"embeddable":true,"href":"https:\/\/acbigaylesbadalona.es\/index.php?rest_route=%2Fwp%2Fv2%2Fcomments&post=17"}],"version-history":[{"count":0,"href":"https:\/\/acbigaylesbadalona.es\/index.php?rest_route=\/wp\/v2\/posts\/17\/revisions"}],"wp:attachment":[{"href":"https:\/\/acbigaylesbadalona.es\/index.php?rest_route=%2Fwp%2Fv2%2Fmedia&parent=17"}],"wp:term":[{"taxonomy":"category","embeddable":true,"href":"https:\/\/acbigaylesbadalona.es\/index.php?rest_route=%2Fwp%2Fv2%2Fcategories&post=17"},{"taxonomy":"post_tag","embeddable":true,"href":"https:\/\/acbigaylesbadalona.es\/index.php?rest_route=%2Fwp%2Fv2%2Ftags&post=17"}],"curies":[{"name":"wp","href":"https:\/\/api.w.org\/{rel}","templated":true}]}}