{"id":15,"date":"2026-07-15T10:00:00","date_gmt":"2026-07-15T10:00:00","guid":{"rendered":"https:\/\/acbigaylesbadalona.es\/?p=6"},"modified":"2026-07-15T10:00:00","modified_gmt":"2026-07-15T10:00:00","slug":"llei-19-2020-persones-trans-catalunya","status":"publish","type":"post","link":"https:\/\/acbigaylesbadalona.es\/?p=15","title":{"rendered":"Llei 19\/2020: qu\u00e8 canvia realment per a les persones trans a Catalunya"},"content":{"rendered":"<p><img decoding=\"async\" src=\"https:\/\/images.unsplash.com\/photo-1521587760476-6c12a4b040da?w=1200&amp;q=80\" alt=\"Llei 19\/2020: qu\u00e8 canvia realment per a les persones trans a Catalunya\" \/><\/p>\n<p>La Llei 19\/2020 d&#8217;igualtat de tracte i no-discriminaci\u00f3 suposa un abans i un despr\u00e9s&#8230; <\/p>\n<h2>Qu\u00e8 canvia<\/h2>\n<p>La llei garanteix&#8230;<\/p>\n<h2>Com exercir els drets<\/h2>\n<p>Per fer valer aquests drets cal&#8230;<\/p>\n","protected":false},"excerpt":{"rendered":"<p>Un rep\u00e0s pr\u00e0ctic dels canvis normatius i com afecten el dia a dia de les persones trans i no-bin\u00e0ries.<\/p>\n","protected":false},"author":5,"featured_media":100005,"comment_status":"open","ping_status":"open","sticky":false,"template":"","format":"standard","meta":{"footnotes":""},"categories":[4],"tags":[17,15,18,16],"class_list":["post-15","post","type-post","status-publish","format-standard","has-post-thumbnail","hentry","category-drets","tag-catalunya","tag-drets","tag-llei","tag-trans"],"_links":{"self":[{"href":"https:\/\/acbigaylesbadalona.es\/index.php?rest_route=\/wp\/v2\/posts\/15","targetHints":{"allow":["GET"]}}],"collection":[{"href":"https:\/\/acbigaylesbadalona.es\/index.php?rest_route=\/wp\/v2\/posts"}],"about":[{"href":"https:\/\/acbigaylesbadalona.es\/index.php?rest_route=\/wp\/v2\/types\/post"}],"author":[{"embeddable":true,"href":"https:\/\/acbigaylesbadalona.es\/index.php?rest_route=\/wp\/v2\/users\/5"}],"replies":[{"embeddable":true,"href":"https:\/\/acbigaylesbadalona.es\/index.php?rest_route=%2Fwp%2Fv2%2Fcomments&post=15"}],"version-history":[{"count":0,"href":"https:\/\/acbigaylesbadalona.es\/index.php?rest_route=\/wp\/v2\/posts\/15\/revisions"}],"wp:attachment":[{"href":"https:\/\/acbigaylesbadalona.es\/index.php?rest_route=%2Fwp%2Fv2%2Fmedia&parent=15"}],"wp:term":[{"taxonomy":"category","embeddable":true,"href":"https:\/\/acbigaylesbadalona.es\/index.php?rest_route=%2Fwp%2Fv2%2Fcategories&post=15"},{"taxonomy":"post_tag","embeddable":true,"href":"https:\/\/acbigaylesbadalona.es\/index.php?rest_route=%2Fwp%2Fv2%2Ftags&post=15"}],"curies":[{"name":"wp","href":"https:\/\/api.w.org\/{rel}","templated":true}]}}