{"id":14,"date":"2026-07-27T20:01:00","date_gmt":"2026-07-27T20:01:00","guid":{"rendered":"https:\/\/acbigaylesbadalona.es\/?p=5"},"modified":"2026-07-27T20:01:00","modified_gmt":"2026-07-27T20:01:00","slug":"consternaci-al-pride-de-berlin-1-mort-i-15-ferits","status":"publish","type":"post","link":"https:\/\/acbigaylesbadalona.es\/?p=14","title":{"rendered":"Consternaci\u00f3 al pride de Berlin. 1 mort i 14 ferits"},"content":{"rendered":"<p><img decoding=\"async\" src=\"https:\/\/base44.app\/api\/apps\/699ae047bb8e06543e0324cb\/files\/mp\/public\/699ae047bb8e06543e0324cb\/44f5d7a46_solidaridad_badalona_berlin.png\" alt=\"Consternaci\u00f3 al pride de Berlin. 1 mort i 14 ferits\" \/><\/p>\n<p><\/p>\n<p>Des d\u2019Ac BiGayLes Badalona seguim amb consternaci\u00f3 i profunda tristor els greus incidents ocorreguts durant el CSD de Berl\u00edn. Volem fer arribar tot el nostre escalf i suport incondicional a les v\u00edctimes, als seus \u00e9ssers estimats i a tot el col\u00b7lectiu LGBTQIA+ alemany en aquests moments dif\u00edcils.<\/p>\n<p>Davant l\u2019augment dels discursos d\u2019odi, refermem el nostre comprom\u00eds contra qualsevol forma de viol\u00e8ncia o intoler\u00e0ncia. Cap agressi\u00f3 aconseguir\u00e0 fer-nos retrocedir; la nostra lluita per la llibertat i el respecte \u00e9s global i no coneix fronteres. Avui, des de Badalona, alcem la veu per recordar que l\u2019amor i la diversitat sempre seran m\u00e9s forts que la por.<\/p>\n<p>Ni un pas enrere davant l&#8217;odi. \ud83c\udff3\ufe0f\u200d\ud83c\udf08\ud83c\udff3\ufe0f\u200d\u26a7\ufe0f<\/p>\n<p><\/p>\n<p>Desde Ac BiGayLes Badalona seguimos con consternaci\u00f3n y profunda tristeza los graves incidentes ocurridos durante el CSD de Berl\u00edn. Queremos hacer llegar todo nuestro cari\u00f1o y apoyo incondicional a las v\u00edctimas, a sus seres queridos y a todo el colectivo LGBTQIA+ alem\u00e1n en estos momentos dif\u00edciles.<\/p>\n<p>Ante el aumento de los discursos de odio, reafirmamos nuestro compromiso contra cualquier forma de violencia o intolerancia. Ninguna agresi\u00f3n lograr\u00e1 hacernos retroceder; nuestra lucha por la libertad y el respeto es global y no conoce fronteras. Hoy, desde Badalona, alzamos la voz para recordar que el amor y la diversidad siempre ser\u00e1n m\u00e1s fuertes que el miedo.<\/p>\n<p>Ni un paso atr\u00e1s ante el odio. \ud83c\udff3\ufe0f\u200d\ud83c\udf08\ud83c\udff3\ufe0f\u200d\u26a7\ufe0f<\/p>\n<p class=\"ql-align-justify\"><\/p>\n<p>At Ac BiGayLes Badalona, we are deeply saddened and outraged by the serious incidents that took place during CSD Berlin. We wish to extend our heartfelt and unconditional support to the victims, their loved ones, and the entire German LGBTQIA+ community during these difficult times.<\/p>\n<p>In the face of rising hate speech, we reaffirm our commitment against all forms of violence and intolerance. No act of aggression will make us back down; our struggle for freedom and respect is global and knows no borders. Today, from Badalona, we raise our voices to remind the world that love and diversity will always be stronger than fear.<\/p>\n<p>We will not back down in the face of hate. \ud83c\udff3\ufe0f\u200d\ud83c\udf08\ud83c\udff3\ufe0f\u200d\u26a7\ufe0f<\/p>\n","protected":false},"excerpt":{"rendered":"<p>Des d\u2019Ac BiGayLes Badalona seguim amb consternaci\u00f3 i profunda tristor els greus incidents ocorreguts durant el CSD de Berl\u00edn. Volem fer arribar tot el nostre escalf i suport incondicional a les v\u00edctimes, als seus \u00e9ssers estimats i a tot el col\u00b7lectiu LGBTQIA+ alemany en aquests moments dif\u00edcils. Davant l\u2019augment dels discursos d\u2019odi, refermem el nostre [&hellip;]<\/p>\n","protected":false},"author":4,"featured_media":100004,"comment_status":"open","ping_status":"open","sticky":false,"template":"","format":"standard","meta":{"footnotes":""},"categories":[3],"tags":[],"class_list":["post-14","post","type-post","status-publish","format-standard","has-post-thumbnail","hentry","category-noticies"],"_links":{"self":[{"href":"https:\/\/acbigaylesbadalona.es\/index.php?rest_route=\/wp\/v2\/posts\/14","targetHints":{"allow":["GET"]}}],"collection":[{"href":"https:\/\/acbigaylesbadalona.es\/index.php?rest_route=\/wp\/v2\/posts"}],"about":[{"href":"https:\/\/acbigaylesbadalona.es\/index.php?rest_route=\/wp\/v2\/types\/post"}],"author":[{"embeddable":true,"href":"https:\/\/acbigaylesbadalona.es\/index.php?rest_route=\/wp\/v2\/users\/4"}],"replies":[{"embeddable":true,"href":"https:\/\/acbigaylesbadalona.es\/index.php?rest_route=%2Fwp%2Fv2%2Fcomments&post=14"}],"version-history":[{"count":0,"href":"https:\/\/acbigaylesbadalona.es\/index.php?rest_route=\/wp\/v2\/posts\/14\/revisions"}],"wp:attachment":[{"href":"https:\/\/acbigaylesbadalona.es\/index.php?rest_route=%2Fwp%2Fv2%2Fmedia&parent=14"}],"wp:term":[{"taxonomy":"category","embeddable":true,"href":"https:\/\/acbigaylesbadalona.es\/index.php?rest_route=%2Fwp%2Fv2%2Fcategories&post=14"},{"taxonomy":"post_tag","embeddable":true,"href":"https:\/\/acbigaylesbadalona.es\/index.php?rest_route=%2Fwp%2Fv2%2Ftags&post=14"}],"curies":[{"name":"wp","href":"https:\/\/api.w.org\/{rel}","templated":true}]}}