{"id":13,"date":"2026-08-09T22:23:16","date_gmt":"2026-08-09T22:23:16","guid":{"rendered":"https:\/\/acbigaylesbadalona.es\/?p=4"},"modified":"2026-08-09T22:23:16","modified_gmt":"2026-08-09T22:23:16","slug":"agressi-a-benial-durant-les-festes","status":"publish","type":"post","link":"https:\/\/acbigaylesbadalona.es\/?p=13","title":{"rendered":"Agressi\u00f2 a Benial\u00ed durant les festes"},"content":{"rendered":"<p><img decoding=\"async\" src=\"https:\/\/lh3.googleusercontent.com\/d\/1vB_DYvacGEwGoLRkd3oGzS2wu0nGHBIt\" alt=\"Agressi\u00f2 a Benial\u00ed durant les festes\" \/><\/p>\n<p>Durant les festes de Benial\u00ed, a la Vall de Gallinera, cinc adolescents de 14 anys van viure una situaci\u00f3 que mai hauria d\u2019haver passat. Enmig de la m\u00fasica, la llum i l\u2019alegria que omplien els carrers, tres joves de 16 i 17 anys van reaccionar amb odi en descobrir que dues d\u2019elles eren parella. El que havia de ser una nit de celebraci\u00f3 es va convertir en un moment de dolor i incomprensi\u00f3. Els insults hom\u00f2fobs van ser el preludi d\u2019una agressi\u00f3 f\u00edsica: empentes, cops i una viol\u00e8ncia injustificable que va deixar una de les xiques amb contusions i un ull morat.<\/p>\n<p>Aquest acte no nom\u00e9s va ferir els cossos, sin\u00f3 tamb\u00e9 les emocions i la confian\u00e7a d\u2019unes joves que nom\u00e9s volien gaudir de les festes com qualsevol altra persona. La por i la tristesa van donar pas a la valentia: les menors van denunciar els fets davant la Gu\u00e0rdia Civil, demostrant que el silenci mai pot ser la resposta davant l\u2019odi.<\/p>\n<p>La reacci\u00f3 del poble va ser immediata. Ve\u00efns, fam\u00edlies i autoritats es van unir per mostrar el seu suport i el seu rebuig absolut a qualsevol forma de viol\u00e8ncia o discriminaci\u00f3. Benial\u00ed va al\u00e7ar la veu per dir prou, per recordar que la diversitat \u00e9s una riquesa i que cap persona ha de ser jutjada per estimar com sent.<\/p>\n<p>La comunitat ha deixat clar que vol unes festes \u2014i una vida\u2014 lliures d\u2019odi, on tothom puga ser qui \u00e9s sense por, on la llibertat d\u2019estimar siga celebrada i protegida. Aquest incident ha servit per refor\u00e7ar el comprom\u00eds col\u00b7lectiu amb la conviv\u00e8ncia i el respecte, per educar en empatia i per fer visible que encara queda cam\u00ed per rec\u00f3rrer.<\/p>\n<p class=\"ql-align-justify\">A Benial\u00ed, i a qualsevol lloc, l\u2019amor i el respecte sempre han d\u2019anar per davant. Perqu\u00e8 nom\u00e9s aix\u00ed podrem construir un futur on cap mirada ni cap gest estiga marcat per la intoler\u00e0ncia, sin\u00f3 per la comprensi\u00f3 i la humanitat. \ud83c\udf08<\/p>\n","protected":false},"excerpt":{"rendered":"<p>Durant les festes de Benial\u00ed, a la Vall de Gallinera, cinc adolescents de 14 anys van viure una situaci\u00f3 que mai hauria d\u2019haver passat. Enmig de la m\u00fasica, la llum i l\u2019alegria que omplien els carrers, tres joves de 16 i 17 anys van reaccionar amb odi en descobrir que dues d\u2019elles eren parella. El [&hellip;]<\/p>\n","protected":false},"author":3,"featured_media":100003,"comment_status":"open","ping_status":"open","sticky":false,"template":"","format":"standard","meta":{"footnotes":""},"categories":[3],"tags":[],"class_list":["post-13","post","type-post","status-publish","format-standard","has-post-thumbnail","hentry","category-noticies"],"_links":{"self":[{"href":"https:\/\/acbigaylesbadalona.es\/index.php?rest_route=\/wp\/v2\/posts\/13","targetHints":{"allow":["GET"]}}],"collection":[{"href":"https:\/\/acbigaylesbadalona.es\/index.php?rest_route=\/wp\/v2\/posts"}],"about":[{"href":"https:\/\/acbigaylesbadalona.es\/index.php?rest_route=\/wp\/v2\/types\/post"}],"author":[{"embeddable":true,"href":"https:\/\/acbigaylesbadalona.es\/index.php?rest_route=\/wp\/v2\/users\/3"}],"replies":[{"embeddable":true,"href":"https:\/\/acbigaylesbadalona.es\/index.php?rest_route=%2Fwp%2Fv2%2Fcomments&post=13"}],"version-history":[{"count":0,"href":"https:\/\/acbigaylesbadalona.es\/index.php?rest_route=\/wp\/v2\/posts\/13\/revisions"}],"wp:attachment":[{"href":"https:\/\/acbigaylesbadalona.es\/index.php?rest_route=%2Fwp%2Fv2%2Fmedia&parent=13"}],"wp:term":[{"taxonomy":"category","embeddable":true,"href":"https:\/\/acbigaylesbadalona.es\/index.php?rest_route=%2Fwp%2Fv2%2Fcategories&post=13"},{"taxonomy":"post_tag","embeddable":true,"href":"https:\/\/acbigaylesbadalona.es\/index.php?rest_route=%2Fwp%2Fv2%2Ftags&post=13"}],"curies":[{"name":"wp","href":"https:\/\/api.w.org\/{rel}","templated":true}]}}