{"id":11,"date":"2026-08-29T20:51:15","date_gmt":"2026-08-29T20:51:15","guid":{"rendered":"https:\/\/acbigaylesbadalona.es\/?p=2"},"modified":"2026-08-29T20:51:15","modified_gmt":"2026-08-29T20:51:15","slug":"nova-agressi-a-cantabria","status":"publish","type":"post","link":"https:\/\/acbigaylesbadalona.es\/?p=11","title":{"rendered":"Nova agressi\u00f2 a Cantabria"},"content":{"rendered":"<p><img decoding=\"async\" src=\"https:\/\/lh3.googleusercontent.com\/d\/1wfMds-gYYLWbCIpA3YSXZ0HwhYMqHqV0\" alt=\"Nova agressi\u00f2 a Cantabria\" \/><\/p>\n<p>\ud83d\udea8 <strong>NOVA AGRESSI\u00d3 HOM\u00d2FOBA: LES FESTES HAN DE SER ESPAIS SEGURS<\/strong> \ud83d\udea8<\/p>\n<p>Un jove ha patit una agressi\u00f3 motivada per la seva orientaci\u00f3 sexual durant l\u2019inici de les festes de Sant Tiburci, a El Astillero (Cant\u00e0bria).<\/p>\n<p>Tant la Comissi\u00f3 de Festes com l\u2019Ajuntament del municipi han expressat el seu rebuig als fets i el seu suport a la persona agredida. Per respecte a la seva intimitat i per evitar especulacions desinformades, no s\u2019han fet p\u00fablics les seves dades personals ni els detalls de l\u2019incident.<\/p>\n<p>\ud83c\udff3\ufe0f\u200d\ud83c\udf08 <strong>Des d\u2019AC BiGayLes Badalona expressem la nostra solidaritat i el nostre suport absolut al jove agredit.<\/strong> Volem deixar clar que les agressions motivades per l\u2019orientaci\u00f3 sexual no s\u00f3n incidents menors ni \u00abbromes de festa\u00bb: s\u00f3n <strong>delictes d\u2019odi<\/strong> que busquen generar por i inseguretat en tot el col\u00b7lectiu LGTBI.<\/p>\n<p>Exigim una investigaci\u00f3 policial exhaustiva perqu\u00e8 els agressors no quedin impunes. <strong>La culpa mai recau en la v\u00edctima<\/strong>, ni per la seva pres\u00e8ncia en un esdeveniment festiu, ni per la seva vestimenta, ni per la seva manera d\u2019expressar-se o de viure la seva identitat.<\/p>\n<p>Les dades oficials del Ministeri de l\u2019Interior corresponents a <strong>2024<\/strong> mostren la magnitud del problema: es van registrar <strong>528 delictes coneguts vinculats a l\u2019orientaci\u00f3 sexual i la identitat de g\u00e8nere a Espanya<\/strong>, dels quals <strong>10 es van produir a Cant\u00e0bria<\/strong>, dins d\u2019un total de 22 delictes d\u2019odi registrats en aquesta comunitat.<\/p>\n<p>Cal recordar, per\u00f2, que aquestes xifres nom\u00e9s reflecteixen <strong>una part de la realitat<\/strong>, ja que corresponen \u00fanicament als casos que han estat denunciats formalment.<\/p>\n<p>\ud83c\udff3\ufe0f\u200d\ud83c\udf08 <strong>Reivindiquem el dret de totes les persones a gaudir dels espais p\u00fablics i de les festes amb llibertat, dignitat i sense por de patir viol\u00e8ncia.<\/strong><\/p>\n<p>Les festes han de ser espais de conviv\u00e8ncia, diversi\u00f3 i llibertat. <strong>Cap agressi\u00f3 motivada per l\u2019odi pot ser normalitzada ni quedar impune.<\/strong><\/p>\n<p>\ud83d\udcf0 <strong>Font:<\/strong> El Faradio<\/p>\n<p>#AcBiGayLesBadalona #StopHomof\u00f2bia #NoAOdi #LGTBI #Cant\u00e0bria #Astillero #EspaisSegurs #DretsLGTBI #Espanya #NoALesAgressions #LGTBIf\u00f2bia<\/p>\n","protected":false},"excerpt":{"rendered":"<p>Nova agressio a San Tiburcio (Cantabria)<\/p>\n","protected":false},"author":2,"featured_media":100001,"comment_status":"open","ping_status":"open","sticky":false,"template":"","format":"standard","meta":{"footnotes":""},"categories":[3],"tags":[],"class_list":["post-11","post","type-post","status-publish","format-standard","has-post-thumbnail","hentry","category-noticies"],"_links":{"self":[{"href":"https:\/\/acbigaylesbadalona.es\/index.php?rest_route=\/wp\/v2\/posts\/11","targetHints":{"allow":["GET"]}}],"collection":[{"href":"https:\/\/acbigaylesbadalona.es\/index.php?rest_route=\/wp\/v2\/posts"}],"about":[{"href":"https:\/\/acbigaylesbadalona.es\/index.php?rest_route=\/wp\/v2\/types\/post"}],"author":[{"embeddable":true,"href":"https:\/\/acbigaylesbadalona.es\/index.php?rest_route=\/wp\/v2\/users\/2"}],"replies":[{"embeddable":true,"href":"https:\/\/acbigaylesbadalona.es\/index.php?rest_route=%2Fwp%2Fv2%2Fcomments&post=11"}],"version-history":[{"count":0,"href":"https:\/\/acbigaylesbadalona.es\/index.php?rest_route=\/wp\/v2\/posts\/11\/revisions"}],"wp:attachment":[{"href":"https:\/\/acbigaylesbadalona.es\/index.php?rest_route=%2Fwp%2Fv2%2Fmedia&parent=11"}],"wp:term":[{"taxonomy":"category","embeddable":true,"href":"https:\/\/acbigaylesbadalona.es\/index.php?rest_route=%2Fwp%2Fv2%2Fcategories&post=11"},{"taxonomy":"post_tag","embeddable":true,"href":"https:\/\/acbigaylesbadalona.es\/index.php?rest_route=%2Fwp%2Fv2%2Ftags&post=11"}],"curies":[{"name":"wp","href":"https:\/\/api.w.org\/{rel}","templated":true}]}}